{"id":6125,"date":"2022-07-25T09:00:51","date_gmt":"2022-07-25T07:00:51","guid":{"rendered":"https:\/\/network.amsed.fr\/?p=6125"},"modified":"2022-07-25T09:00:51","modified_gmt":"2022-07-25T07:00:51","slug":"retour-sur-le-seminaire-europeen-zero-dechet","status":"publish","type":"post","link":"https:\/\/network.amsed.fr\/en\/retour-sur-le-seminaire-europeen-zero-dechet\/","title":{"rendered":"Focus on the European Seminar &#8220;Zero Waste Action&#8221;!"},"content":{"rendered":"<p><img decoding=\"async\" loading=\"lazy\" class=\"alignnone size-full wp-image-6127\" src=\"https:\/\/network.amsed.fr\/wp-content\/uploads\/2022\/07\/darling-1.png\" alt=\"\" width=\"1920\" height=\"1080\" srcset=\"https:\/\/network.amsed.fr\/wp-content\/uploads\/2022\/07\/darling-1.png 1920w, https:\/\/network.amsed.fr\/wp-content\/uploads\/2022\/07\/darling-1-300x169.png 300w, https:\/\/network.amsed.fr\/wp-content\/uploads\/2022\/07\/darling-1-1024x576.png 1024w, https:\/\/network.amsed.fr\/wp-content\/uploads\/2022\/07\/darling-1-1536x864.png 1536w, https:\/\/network.amsed.fr\/wp-content\/uploads\/2022\/07\/darling-1-1320x743.png 1320w\" sizes=\"(max-width: 1920px) 100vw, 1920px\" \/><\/p>\n<p>&nbsp;<\/p>\n<p style=\"text-align: center;\"><span style=\"color: #003366;\"><strong><span style=\"font-size: 12pt;\">From the 1st to the 10th of July, 2022, AMSED organized in Strasbourg the &#8220;Zero Waste&#8221; Seminar, with the support of its European partners. Bringing together 45 participants from 13 countries (France, Germany, Italy, Spain, Portugal, Cyprus, Romania, Finland, Lithuania, Poland, Belgium, Hungary and Turkey), this project funded by the Erasmus+ Program aimed at exchanging good practices and enabling youth work<\/span><span style=\"font-size: 12pt;\"><span style=\"color: #003366;\">ers to develop the necessary skills to support the implementation of youth initiatives and projects in the field of Zero Waste.<\/span><\/span><\/strong><\/span><\/p>\n<p style=\"text-align: center;\"><span style=\"font-size: 12pt;\"><strong><span style=\"color: #003366;\">During 10 days, the participants had the opportunity to work together on this theme thanks to numerous non-formal education activities. On the program:\u00a0<\/span><\/strong><\/span><\/p>\n<p>&nbsp;<\/p>\n<ul>\n<li>\n<h6><span style=\"font-size: 12pt;\">Reflection and interactive definition of the concepts of zero waste, sustainable development, circular economy, &#8220;5 R&#8217;s&#8221; method (refuse, reduce, reuse, recycle and rot), &#8220;BISOU&#8221; method (need, immediate, similar, origin, useful), global warming, carbon emissions, ecological footprint, green and social entrepreneurship, social and solidarity economy, innovation, eco-citizenship, employability, young people with fewer opportunities ;<\/span><\/h6>\n<\/li>\n<\/ul>\n<ul>\n<li>\n<h6><span style=\"font-size: 12pt;\">Projection of street interview videos made by the participants in their countries to exchange and understand the different contexts in terms of zero waste, waste management and sustainable development;<\/span><\/h6>\n<\/li>\n<\/ul>\n<p><iframe loading=\"lazy\" title=\"Micro-trottoir: la d\u00e9marche Z\u00e9ro D\u00e9chet \u00e0 Strasbourg\" width=\"720\" height=\"405\" src=\"https:\/\/www.youtube.com\/embed\/XcjEX97z2Es?feature=oembed\" frameborder=\"0\" allow=\"accelerometer; autoplay; clipboard-write; encrypted-media; gyroscope; picture-in-picture\" allowfullscreen><\/iframe><\/p>\n<p>&nbsp;<\/p>\n<ul>\n<li><span style=\"font-size: 12pt;\">Exchange of experiences and sharing of best practices from the 13 partner countries in the field of Zero Waste;<\/span><\/li>\n<\/ul>\n<ul>\n<li><span style=\"font-size: 12pt;\">Workshops and reflections around the many issues related to Zero Waste: the potential of innovation and employability for young people, the ecological footprint, e-waste, green travel, the Green Deal&#8230;<\/span><\/li>\n<\/ul>\n<ul>\n<li><span style=\"font-size: 12pt;\">Workshops to create collaborative tools: an E-Campaign of recommendations for <a href=\"https:\/\/network.amsed.fr\/en\/e-campagne-zero-dechet-entreprises\/\" target=\"_blank\" rel=\"noopener\">companies<\/a>, <a href=\"https:\/\/network.amsed.fr\/en\/e-campagne-zero-dechet-responsables-politiques\/\" target=\"_blank\" rel=\"noopener\">policy makers<\/a> and <a href=\"https:\/\/network.amsed.fr\/en\/e-campagne-zero-dechet-societe-civile\/\" target=\"_blank\" rel=\"noopener\">civil society<\/a>; a <a href=\"https:\/\/network.amsed.fr\/en\/tutoriel-comment-creer-ta-start-up-dans-le-domaine-du-zero-dechet\/\" target=\"_blank\" rel=\"noopener\">Tutorial<\/a> on the creation of Zero Waste start-ups for young people; and a <a href=\"https:\/\/network.amsed.fr\/en\/tutoriel-comment-creer-ta-start-up-dans-le-domaine-du-zero-dechet\/\" target=\"_blank\" rel=\"noopener\">Guide<\/a> &#8220;1 year of challenge to go Zero Waste&#8221;;<\/span><\/li>\n<\/ul>\n<ul>\n<li><span style=\"font-size: 12pt;\">Photo safari during which participants discovered the best addresses and practices in Strasbourg in terms of Zero Waste;<\/span><\/li>\n<\/ul>\n<ul>\n<li><span style=\"font-size: 12pt;\">Round tables and debates with Zero Waste experts: we had the honor to welcome Mr. Pierre ROTH, Vice-President of the Eurometropole of Strasbourg and City Councillor in charge of the Social and Solidarity Economy; Mrs. Agn\u00e8s SADOWSKA, General Delegate within the association La Banque de l&#8217;Objet; Mr. Fritz FERNANDEZ, Responsible for eco-consumption within the Chamber of Consumption of Alsace and the Grand-Est; and Mr. William GOURDIN-SERVENIERE, co-founder and CEO of the start-up Green Phoenix ;<\/span><\/li>\n<\/ul>\n<ul>\n<li><span style=\"font-size: 12pt;\">Do It Yourself workshops to put into practice the Zero Waste approach in a creative way, always from recycled materials: weaving; puppet making; creation of Tawashi sponges; contemporary art; sprouting; natural cosmetics;<\/span><\/li>\n<\/ul>\n<ul>\n<li><span style=\"font-size: 12pt;\">Theatre performances of situations experienced by the participants around environmental issues;<\/span><\/li>\n<\/ul>\n<ul>\n<li><span style=\"font-size: 12pt;\">Presentation of the Erasmus+ and European Solidarity Corps programs by Mrs. Marie-Agn\u00e8s PIERROT, in charge Youth, Europe and International at the Regional Directorate of Youth, Sports and Social Cohesion of the Grand-Est region;<\/span><\/li>\n<\/ul>\n<ul>\n<li><span style=\"font-size: 12pt;\">Development of new partnerships and creation of new European youth projects related to environmental and\/or social issues.<\/span><\/li>\n<\/ul>\n<p>&nbsp;<\/p>\n<h6 style=\"text-align: center;\"><span style=\"font-size: 12pt;\"><em><strong>We would like to warmly thank all the speakers who accepted to come and share their experiences, as well as our European partners: Familles du Monde asbl (Belgium), Blue Cherry Academy for Youth and Adults (Cyprus), Asociacion Mundus &#8211; Un Mundo a Tus Pies (Spain), StepEurope (Finland), KIKE (Hungary), ALTERNATA SILoS onlus (Italy), Mano Europa (Lithuania), Bad Badgers (Poland), ESN Minho (Portugal), Mostar Friedensprojekt (Germany), Aspire to Change (Romania), and Pi Youth Association (Turkey). Last but not least, a huge thank you to all the participants who invested themselves with us in this beautiful project!<\/strong><\/em><\/span><\/h6>\n<p>&nbsp;<\/p>\n<h2 style=\"text-align: center;\"><strong><span style=\"color: #003366;\">A LOOK BACK AT THESE 10 DAYS RICH IN IDEAS AND SHARING:\u00a0<\/span><\/strong><\/h2>\n<div style=\"text-align: center; width:980px; margin: 12px auto;\"><div style=\"margin: 4px 0px;\"><a href=\"http:\/\/calameo.com\/books\/005748556279689b4edc1\" class=\"external\" rel=\"nofollow\">View this publication on Calam&eacute;o<\/a><\/div><iframe src=\"\/\/v.calameo.com\/?bkcode=005748556279689b4edc1&amp;language=en&amp;page=&amp;showsharemenu=true&amp;clickTo=public&amp;clickTarget=_self&amp;clickToUrl=&amp;autoFlip=0&amp;mode=mini&amp;wmode=transparent\" width=\"980\" height=\"800\" style=\"width:980px;height:800px\" frameborder=\"0\" scrolling=\"no\" allowtransparency allowfullscreen><\/iframe><div style=\"margin: 4px 0px; font-size: 90%;\"><a rel=\"nofollow\" href=\"http:\/\/calameo.com\/upload\" class=\"external\">Publish<\/a> at <a href=\"http:\/\/calameo.com\" class=\"external\" rel=\"nofollow\">Calam&eacute;o<\/a> or <a href=\"http:\/\/calameo.com\/browse\/weekly\/?o=7&amp;w=DESC\" class=\"external\" rel=\"nofollow\">browse<\/a> the library.<\/div><\/div>\n<p><img decoding=\"async\" loading=\"lazy\" class=\"size-full wp-image-6157 aligncenter\" src=\"https:\/\/network.amsed.fr\/wp-content\/uploads\/2022\/07\/co-founded-reasmus-Copie-1.png\" alt=\"\" width=\"420\" height=\"120\" srcset=\"https:\/\/network.amsed.fr\/wp-content\/uploads\/2022\/07\/co-founded-reasmus-Copie-1.png 420w, https:\/\/network.amsed.fr\/wp-content\/uploads\/2022\/07\/co-founded-reasmus-Copie-1-300x86.png 300w\" sizes=\"(max-width: 420px) 100vw, 420px\" \/><\/p>","protected":false},"excerpt":{"rendered":"<p>&nbsp; From the 1st to the 10th of July, 2022, AMSED organized in Strasbourg the &#8220;Zero Waste&#8221; Seminar, with the support of its European partners. Bringing together 45 participants from 13 countries (France, Germany, Italy, Spain, Portugal, Cyprus, Romania, Finland, Lithuania, Poland, Belgium, Hungary and Turkey), this project funded by the Erasmus+ Program aimed at [&hellip;]<\/p>\n","protected":false},"author":4,"featured_media":6127,"comment_status":"closed","ping_status":"closed","sticky":false,"template":"","format":"standard","meta":[],"categories":[3],"tags":[],"_links":{"self":[{"href":"https:\/\/network.amsed.fr\/en\/wp-json\/wp\/v2\/posts\/6125"}],"collection":[{"href":"https:\/\/network.amsed.fr\/en\/wp-json\/wp\/v2\/posts"}],"about":[{"href":"https:\/\/network.amsed.fr\/en\/wp-json\/wp\/v2\/types\/post"}],"author":[{"embeddable":true,"href":"https:\/\/network.amsed.fr\/en\/wp-json\/wp\/v2\/users\/4"}],"replies":[{"embeddable":true,"href":"https:\/\/network.amsed.fr\/en\/wp-json\/wp\/v2\/comments?post=6125"}],"version-history":[{"count":34,"href":"https:\/\/network.amsed.fr\/en\/wp-json\/wp\/v2\/posts\/6125\/revisions"}],"predecessor-version":[{"id":6166,"href":"https:\/\/network.amsed.fr\/en\/wp-json\/wp\/v2\/posts\/6125\/revisions\/6166"}],"wp:featuredmedia":[{"embeddable":true,"href":"https:\/\/network.amsed.fr\/en\/wp-json\/wp\/v2\/media\/6127"}],"wp:attachment":[{"href":"https:\/\/network.amsed.fr\/en\/wp-json\/wp\/v2\/media?parent=6125"}],"wp:term":[{"taxonomy":"category","embeddable":true,"href":"https:\/\/network.amsed.fr\/en\/wp-json\/wp\/v2\/categories?post=6125"},{"taxonomy":"post_tag","embeddable":true,"href":"https:\/\/network.amsed.fr\/en\/wp-json\/wp\/v2\/tags?post=6125"}],"curies":[{"name":"wp","href":"https:\/\/api.w.org\/{rel}","templated":true}]}}